{"id":1837,"date":"2020-12-09T11:24:59","date_gmt":"2020-12-09T10:24:59","guid":{"rendered":"http:\/\/master.fundacionginer.org\/master\/?p=1837"},"modified":"2020-12-09T12:03:12","modified_gmt":"2020-12-09T11:03:12","slug":"resultados-de-los-trabajos-de-fin-de-master-tfm","status":"publish","type":"post","link":"https:\/\/master.fundacionginer.org\/master\/2020\/12\/09\/resultados-de-los-trabajos-de-fin-de-master-tfm\/","title":{"rendered":"Resultados de los Trabajos de Fin de M\u00e1ster (TFM)"},"content":{"rendered":"<p>Estos son algunos de los TFM presentados en las \u00faltimas ediciones del m\u00e1ster:<\/p>\n<p><strong><span style=\"color: #000000;\">Edici\u00f3n 2019-2020<\/span><\/strong><\/p>\n<p><strong><span style=\"color: #808080;\"><a style=\"color: #808080;\" href=\"https:\/\/master.fundacionginer.org\/master\/2020\/12\/09\/conjuntos-un-proyecto-interdisciplinar-arteciencia-en-la-universidad-carlos-iii-de-madrid-por-alfredo-miralles\/\">\u00abConjuntos, un proyecto interdisciplinar arte+ciencia en la universidad Carlos III de Madrid\u00bb, por Alfredo Miralles<\/a><\/span><\/strong><\/p>\n<p class=\"entry-title fusion-post-title fusion-responsive-typography-calculated\" data-fontsize=\"28\" data-lineheight=\"36.4px\"><strong><span style=\"color: #808080;\"><a style=\"color: #808080;\" href=\"https:\/\/master.fundacionginer.org\/master\/2020\/12\/09\/kit-de-exploracion-una-propuesta-de-material-didactico-para-familias-por-mariana-abreu\/\">\u00abKit de exploraci\u00f3n: una propuesta de material did\u00e1ctico para familias\u00bb, por Mariana Abreu<\/a><\/span><\/strong><\/p>\n<p><strong><span style=\"color: #808080;\"><a style=\"color: #808080;\" href=\"https:\/\/master.fundacionginer.org\/master\/2020\/12\/09\/el-rol-de-cuidado-a-traves-de-la-gamificacion-por-macarena-sofia-gutierrez-amorin\/\">\u00abEl rol de cuidado a trav\u00e9s de la gamificaci\u00f3n\u00bb, por Macarena Sof\u00eda Guti\u00e9rrez Amor\u00edn<\/a><\/span><\/strong><\/p>\n<p><strong><span style=\"color: #808080;\"><a style=\"color: #808080;\" href=\"https:\/\/master.fundacionginer.org\/master\/2020\/12\/09\/diseno-de-un-videojuego-educativo-por-irene-ramos\/\">\u00abDise\u00f1o de un videojuego educativo\u00bb, por Irene Ramos<\/a><\/span><\/strong><\/p>\n<p><strong><span style=\"color: #808080;\"><a style=\"color: #808080;\" href=\"https:\/\/master.fundacionginer.org\/master\/2020\/12\/09\/el-autoconocimiento-como-parte-del-curriculum-por-su-repercusion-en-la-toma-de-decisiones-en-adolescentes-por-rosario-rothamel\/\">\u00abEl autoconocimiento como parte del curr\u00edculum por su repercusi\u00f3n en la toma de decisiones en adolescentes\u00bb, por Rosario Rothamel<\/a><\/span><\/strong><\/p>\n<p><span style=\"color: #808080;\"><strong>\u00abPasaporte personalizado de evaluaci\u00f3n: Una propuesta de evaluaci\u00f3n formativa para los proyectos de 2\u00ba de ESO en el centro Padre Piquer\u00bb, por Teresa Garc\u00eda Ferr\u00f3n\u00a0<\/strong><\/span><\/p>\n<p><span style=\"color: #808080;\"><strong>\u00abEl Colegio de Espa\u00f1a de Par\u00eds: modelo de comunidad de conocimiento\u00bb, por Susana Gala\u00a0<\/strong><\/span><\/p>\n<p><span style=\"color: #808080;\"><strong>\u00abPrioridad en septiembre: La gesti\u00f3n emocional vivida durante el confinamiento\u00bb, por Natalia Pe\u00f1alosa<\/strong><\/span><\/p>\n<p><span style=\"color: #808080;\"><strong>\u00a0\u00abPropuesta de Innovaci\u00f3n. Gu\u00eda para fortalecer el rol de las familias en el proceso educativo de sus hijos e hijas\u00bb, por Karen Valenska<\/strong><\/span><\/p>\n<p><span style=\"color: #808080;\"><strong>\u00abCompetencia Educadora en la Era Digital. Dise\u00f1o de una comunidad docente de aprendizaje\u00bb, por Silvia L\u00e1inez\u00a0<\/strong><\/span><\/p>\n<p><span style=\"color: #808080;\"><strong>\u00abPropuesta de dise\u00f1o de ABP con Teams de Microsoft y uso del <em>hiperaula<\/em>\u00ab, por Francisca Silva\u00a0<\/strong><\/span><\/p>\n<p><span style=\"color: #808080;\"><strong>\u00abDos casos de conflicto en un aula presencial y en un aula virtual. Narrativas para crear puentes\u00bb, por Mar\u00eda Teresa Mateo Girona\u00a0<\/strong><\/span><\/p>\n<p><span style=\"color: #808080;\"><strong>\u00a0\u00ab<em>Timeo Danaos et Dona Ferentes<\/em>: la innovaci\u00f3n educativa en la docencia del lat\u00edn\u00bb, por Estefan\u00eda Mart\u00ednez<\/strong><\/span><\/p>\n","protected":false},"excerpt":{"rendered":"<p>Estos son algunos de los TFM presentados en las \u00faltimas ediciones del m\u00e1ster: Edici\u00f3n [&hellip;]<\/p>\n","protected":false},"author":2,"featured_media":1836,"comment_status":"open","ping_status":"open","sticky":false,"template":"","format":"standard","meta":{"footnotes":""},"categories":[27,17],"tags":[],"yoast_head":"<!-- This site is optimized with the Yoast SEO plugin v23.0 - https:\/\/yoast.com\/wordpress\/plugins\/seo\/ -->\n<title>Resultados de los Trabajos de Fin de M\u00e1ster (TFM) - Laboratorio de la Nueva Educaci\u00f3n<\/title>\n<meta name=\"robots\" content=\"noindex, follow, max-snippet:-1, max-image-preview:large, max-video-preview:-1\" \/>\n<meta property=\"og:locale\" content=\"es_ES\" \/>\n<meta property=\"og:type\" content=\"article\" \/>\n<meta property=\"og:title\" content=\"Resultados de los Trabajos de Fin de M\u00e1ster (TFM) - Laboratorio de la Nueva Educaci\u00f3n\" \/>\n<meta property=\"og:description\" content=\"Estos son algunos de los TFM presentados en las \u00faltimas ediciones del m\u00e1ster: Edici\u00f3n [&hellip;]\" \/>\n<meta property=\"og:url\" content=\"https:\/\/master.fundacionginer.org\/master\/2020\/12\/09\/resultados-de-los-trabajos-de-fin-de-master-tfm\/\" \/>\n<meta property=\"og:site_name\" content=\"Laboratorio de la Nueva Educaci\u00f3n\" \/>\n<meta property=\"article:published_time\" content=\"2020-12-09T10:24:59+00:00\" \/>\n<meta property=\"article:modified_time\" content=\"2020-12-09T11:03:12+00:00\" \/>\n<meta property=\"og:image\" content=\"https:\/\/master.fundacionginer.org\/master\/wp-content\/uploads\/2020\/12\/TFM-portada-seccion.jpg\" \/>\n\t<meta property=\"og:image:width\" content=\"1024\" \/>\n\t<meta property=\"og:image:height\" content=\"500\" \/>\n\t<meta property=\"og:image:type\" content=\"image\/jpeg\" \/>\n<meta name=\"author\" content=\"Conrado \u00c1lvarez\" \/>\n<meta name=\"twitter:card\" content=\"summary_large_image\" \/>\n<meta name=\"twitter:label1\" content=\"Escrito por\" \/>\n\t<meta name=\"twitter:data1\" content=\"Conrado \u00c1lvarez\" \/>\n\t<meta name=\"twitter:label2\" content=\"Tiempo de lectura\" \/>\n\t<meta name=\"twitter:data2\" content=\"1 minuto\" \/>\n<script type=\"application\/ld+json\" class=\"yoast-schema-graph\">{\"@context\":\"https:\/\/schema.org\",\"@graph\":[{\"@type\":\"WebPage\",\"@id\":\"https:\/\/master.fundacionginer.org\/master\/2020\/12\/09\/resultados-de-los-trabajos-de-fin-de-master-tfm\/\",\"url\":\"https:\/\/master.fundacionginer.org\/master\/2020\/12\/09\/resultados-de-los-trabajos-de-fin-de-master-tfm\/\",\"name\":\"Resultados de los Trabajos de Fin de M\u00e1ster (TFM) - Laboratorio de la Nueva Educaci\u00f3n\",\"isPartOf\":{\"@id\":\"https:\/\/master.fundacionginer.org\/master\/#website\"},\"primaryImageOfPage\":{\"@id\":\"https:\/\/master.fundacionginer.org\/master\/2020\/12\/09\/resultados-de-los-trabajos-de-fin-de-master-tfm\/#primaryimage\"},\"image\":{\"@id\":\"https:\/\/master.fundacionginer.org\/master\/2020\/12\/09\/resultados-de-los-trabajos-de-fin-de-master-tfm\/#primaryimage\"},\"thumbnailUrl\":\"https:\/\/master.fundacionginer.org\/master\/wp-content\/uploads\/2020\/12\/TFM-portada-seccion.jpg\",\"datePublished\":\"2020-12-09T10:24:59+00:00\",\"dateModified\":\"2020-12-09T11:03:12+00:00\",\"author\":{\"@id\":\"https:\/\/master.fundacionginer.org\/master\/#\/schema\/person\/2239d06deec8f48aa8f6e3153b34b3a1\"},\"breadcrumb\":{\"@id\":\"https:\/\/master.fundacionginer.org\/master\/2020\/12\/09\/resultados-de-los-trabajos-de-fin-de-master-tfm\/#breadcrumb\"},\"inLanguage\":\"es\",\"potentialAction\":[{\"@type\":\"ReadAction\",\"target\":[\"https:\/\/master.fundacionginer.org\/master\/2020\/12\/09\/resultados-de-los-trabajos-de-fin-de-master-tfm\/\"]}]},{\"@type\":\"ImageObject\",\"inLanguage\":\"es\",\"@id\":\"https:\/\/master.fundacionginer.org\/master\/2020\/12\/09\/resultados-de-los-trabajos-de-fin-de-master-tfm\/#primaryimage\",\"url\":\"https:\/\/master.fundacionginer.org\/master\/wp-content\/uploads\/2020\/12\/TFM-portada-seccion.jpg\",\"contentUrl\":\"https:\/\/master.fundacionginer.org\/master\/wp-content\/uploads\/2020\/12\/TFM-portada-seccion.jpg\",\"width\":1024,\"height\":500},{\"@type\":\"BreadcrumbList\",\"@id\":\"https:\/\/master.fundacionginer.org\/master\/2020\/12\/09\/resultados-de-los-trabajos-de-fin-de-master-tfm\/#breadcrumb\",\"itemListElement\":[{\"@type\":\"ListItem\",\"position\":1,\"name\":\"Portada\",\"item\":\"https:\/\/master.fundacionginer.org\/master\/\"},{\"@type\":\"ListItem\",\"position\":2,\"name\":\"Resultados de los Trabajos de Fin de M\u00e1ster (TFM)\"}]},{\"@type\":\"WebSite\",\"@id\":\"https:\/\/master.fundacionginer.org\/master\/#website\",\"url\":\"https:\/\/master.fundacionginer.org\/master\/\",\"name\":\"Laboratorio de la Nueva Educaci\u00f3n\",\"description\":\"M\u00e1ster en Innovaci\u00f3n Educativa\",\"potentialAction\":[{\"@type\":\"SearchAction\",\"target\":{\"@type\":\"EntryPoint\",\"urlTemplate\":\"https:\/\/master.fundacionginer.org\/master\/?s={search_term_string}\"},\"query-input\":\"required name=search_term_string\"}],\"inLanguage\":\"es\"},{\"@type\":\"Person\",\"@id\":\"https:\/\/master.fundacionginer.org\/master\/#\/schema\/person\/2239d06deec8f48aa8f6e3153b34b3a1\",\"name\":\"Conrado \u00c1lvarez\",\"image\":{\"@type\":\"ImageObject\",\"inLanguage\":\"es\",\"@id\":\"https:\/\/master.fundacionginer.org\/master\/#\/schema\/person\/image\/\",\"url\":\"https:\/\/secure.gravatar.com\/avatar\/a834b78f2e322c9f8543618adb0d77fe?s=96&d=mm&r=g\",\"contentUrl\":\"https:\/\/secure.gravatar.com\/avatar\/a834b78f2e322c9f8543618adb0d77fe?s=96&d=mm&r=g\",\"caption\":\"Conrado \u00c1lvarez\"},\"url\":\"https:\/\/master.fundacionginer.org\/master\/author\/conrado-alvarezfundacionginer-org\/\"}]}<\/script>\n<!-- \/ Yoast SEO plugin. -->","yoast_head_json":{"title":"Resultados de los Trabajos de Fin de M\u00e1ster (TFM) - Laboratorio de la Nueva Educaci\u00f3n","robots":{"index":"noindex","follow":"follow","max-snippet":"max-snippet:-1","max-image-preview":"max-image-preview:large","max-video-preview":"max-video-preview:-1"},"og_locale":"es_ES","og_type":"article","og_title":"Resultados de los Trabajos de Fin de M\u00e1ster (TFM) - Laboratorio de la Nueva Educaci\u00f3n","og_description":"Estos son algunos de los TFM presentados en las \u00faltimas ediciones del m\u00e1ster: Edici\u00f3n [&hellip;]","og_url":"https:\/\/master.fundacionginer.org\/master\/2020\/12\/09\/resultados-de-los-trabajos-de-fin-de-master-tfm\/","og_site_name":"Laboratorio de la Nueva Educaci\u00f3n","article_published_time":"2020-12-09T10:24:59+00:00","article_modified_time":"2020-12-09T11:03:12+00:00","og_image":[{"width":1024,"height":500,"url":"https:\/\/master.fundacionginer.org\/master\/wp-content\/uploads\/2020\/12\/TFM-portada-seccion.jpg","type":"image\/jpeg"}],"author":"Conrado \u00c1lvarez","twitter_card":"summary_large_image","twitter_misc":{"Escrito por":"Conrado \u00c1lvarez","Tiempo de lectura":"1 minuto"},"schema":{"@context":"https:\/\/schema.org","@graph":[{"@type":"WebPage","@id":"https:\/\/master.fundacionginer.org\/master\/2020\/12\/09\/resultados-de-los-trabajos-de-fin-de-master-tfm\/","url":"https:\/\/master.fundacionginer.org\/master\/2020\/12\/09\/resultados-de-los-trabajos-de-fin-de-master-tfm\/","name":"Resultados de los Trabajos de Fin de M\u00e1ster (TFM) - Laboratorio de la Nueva Educaci\u00f3n","isPartOf":{"@id":"https:\/\/master.fundacionginer.org\/master\/#website"},"primaryImageOfPage":{"@id":"https:\/\/master.fundacionginer.org\/master\/2020\/12\/09\/resultados-de-los-trabajos-de-fin-de-master-tfm\/#primaryimage"},"image":{"@id":"https:\/\/master.fundacionginer.org\/master\/2020\/12\/09\/resultados-de-los-trabajos-de-fin-de-master-tfm\/#primaryimage"},"thumbnailUrl":"https:\/\/master.fundacionginer.org\/master\/wp-content\/uploads\/2020\/12\/TFM-portada-seccion.jpg","datePublished":"2020-12-09T10:24:59+00:00","dateModified":"2020-12-09T11:03:12+00:00","author":{"@id":"https:\/\/master.fundacionginer.org\/master\/#\/schema\/person\/2239d06deec8f48aa8f6e3153b34b3a1"},"breadcrumb":{"@id":"https:\/\/master.fundacionginer.org\/master\/2020\/12\/09\/resultados-de-los-trabajos-de-fin-de-master-tfm\/#breadcrumb"},"inLanguage":"es","potentialAction":[{"@type":"ReadAction","target":["https:\/\/master.fundacionginer.org\/master\/2020\/12\/09\/resultados-de-los-trabajos-de-fin-de-master-tfm\/"]}]},{"@type":"ImageObject","inLanguage":"es","@id":"https:\/\/master.fundacionginer.org\/master\/2020\/12\/09\/resultados-de-los-trabajos-de-fin-de-master-tfm\/#primaryimage","url":"https:\/\/master.fundacionginer.org\/master\/wp-content\/uploads\/2020\/12\/TFM-portada-seccion.jpg","contentUrl":"https:\/\/master.fundacionginer.org\/master\/wp-content\/uploads\/2020\/12\/TFM-portada-seccion.jpg","width":1024,"height":500},{"@type":"BreadcrumbList","@id":"https:\/\/master.fundacionginer.org\/master\/2020\/12\/09\/resultados-de-los-trabajos-de-fin-de-master-tfm\/#breadcrumb","itemListElement":[{"@type":"ListItem","position":1,"name":"Portada","item":"https:\/\/master.fundacionginer.org\/master\/"},{"@type":"ListItem","position":2,"name":"Resultados de los Trabajos de Fin de M\u00e1ster (TFM)"}]},{"@type":"WebSite","@id":"https:\/\/master.fundacionginer.org\/master\/#website","url":"https:\/\/master.fundacionginer.org\/master\/","name":"Laboratorio de la Nueva Educaci\u00f3n","description":"M\u00e1ster en Innovaci\u00f3n Educativa","potentialAction":[{"@type":"SearchAction","target":{"@type":"EntryPoint","urlTemplate":"https:\/\/master.fundacionginer.org\/master\/?s={search_term_string}"},"query-input":"required name=search_term_string"}],"inLanguage":"es"},{"@type":"Person","@id":"https:\/\/master.fundacionginer.org\/master\/#\/schema\/person\/2239d06deec8f48aa8f6e3153b34b3a1","name":"Conrado \u00c1lvarez","image":{"@type":"ImageObject","inLanguage":"es","@id":"https:\/\/master.fundacionginer.org\/master\/#\/schema\/person\/image\/","url":"https:\/\/secure.gravatar.com\/avatar\/a834b78f2e322c9f8543618adb0d77fe?s=96&d=mm&r=g","contentUrl":"https:\/\/secure.gravatar.com\/avatar\/a834b78f2e322c9f8543618adb0d77fe?s=96&d=mm&r=g","caption":"Conrado \u00c1lvarez"},"url":"https:\/\/master.fundacionginer.org\/master\/author\/conrado-alvarezfundacionginer-org\/"}]}},"_links":{"self":[{"href":"https:\/\/master.fundacionginer.org\/master\/wp-json\/wp\/v2\/posts\/1837"}],"collection":[{"href":"https:\/\/master.fundacionginer.org\/master\/wp-json\/wp\/v2\/posts"}],"about":[{"href":"https:\/\/master.fundacionginer.org\/master\/wp-json\/wp\/v2\/types\/post"}],"author":[{"embeddable":true,"href":"https:\/\/master.fundacionginer.org\/master\/wp-json\/wp\/v2\/users\/2"}],"replies":[{"embeddable":true,"href":"https:\/\/master.fundacionginer.org\/master\/wp-json\/wp\/v2\/comments?post=1837"}],"version-history":[{"count":7,"href":"https:\/\/master.fundacionginer.org\/master\/wp-json\/wp\/v2\/posts\/1837\/revisions"}],"predecessor-version":[{"id":1850,"href":"https:\/\/master.fundacionginer.org\/master\/wp-json\/wp\/v2\/posts\/1837\/revisions\/1850"}],"wp:featuredmedia":[{"embeddable":true,"href":"https:\/\/master.fundacionginer.org\/master\/wp-json\/wp\/v2\/media\/1836"}],"wp:attachment":[{"href":"https:\/\/master.fundacionginer.org\/master\/wp-json\/wp\/v2\/media?parent=1837"}],"wp:term":[{"taxonomy":"category","embeddable":true,"href":"https:\/\/master.fundacionginer.org\/master\/wp-json\/wp\/v2\/categories?post=1837"},{"taxonomy":"post_tag","embeddable":true,"href":"https:\/\/master.fundacionginer.org\/master\/wp-json\/wp\/v2\/tags?post=1837"}],"curies":[{"name":"wp","href":"https:\/\/api.w.org\/{rel}","templated":true}]}}